{"id":1984,"date":"2023-10-04T12:05:57","date_gmt":"2023-10-04T12:05:57","guid":{"rendered":"https:\/\/macroecology.ut.ee\/?p=1984"},"modified":"2023-10-04T12:05:58","modified_gmt":"2023-10-04T12:05:58","slug":"bruno-published-a-poem-about-biodiversity","status":"publish","type":"post","link":"https:\/\/macroecology.ut.ee\/en\/bruno-published-a-poem-about-biodiversity\/","title":{"rendered":"Bruno published a poem about biodiversity"},"content":{"rendered":"\n<p>Our PhD student Bruno recently wrote an educational poem about biodiversity.\u00a0The original poem is in Portuguese (Bruno is from Brazil), and forms an acrostic with the word biodiversity (<em>biodiversidad<\/em>), which, along with the education process, are the central topics of the poem. The poem was published in a book \"Entre o Sono e o Sonho\" (\"Between Sleep and Dream\"). While the rhyme is evident only by reading the poem in its original language, the essence of the message can be appreciated in the English translation, which Bruno has provided here:<\/p>\n\n\n\n<div class=\"wp-block-columns is-layout-flex wp-container-core-columns-is-layout-9d6595d7 wp-block-columns-is-layout-flex\">\n<div class=\"wp-block-column is-layout-flow wp-block-column-is-layout-flow\">\n<blockquote class=\"wp-block-quote is-layout-flow wp-block-quote-is-layout-flow\">\n<p><strong>Educar para a biodiversidade conservar<\/strong><\/p>\n\n\n\n<p><strong>B<\/strong>iodiversidade n\u00e3o \u00e9 algo meramente atual, \u00e9 fruto de longa hist\u00f3ria evolutiva,<\/p>\n\n\n\n<p><strong>I<\/strong>ncompar\u00e1vel, sem par, sem individual prerrogativa.&nbsp;<\/p>\n\n\n\n<p><strong>O<\/strong>&nbsp;nosso dever, sem atraso adicional, \u00e9 preservar e dela cuidar,<\/p>\n\n\n\n<p><strong>D<\/strong>iante disso, a pr\u00f3xima gera\u00e7\u00e3o tamb\u00e9m dela poder\u00e1 desfrutar.<\/p>\n\n\n\n<hr class=\"wp-block-separator has-alpha-channel-opacity\"\/>\n\n\n\n<p><strong>I<\/strong>ntrinseca \u00e9 sua beleza, mas muitos n\u00e3o entendem sua import\u00e2ncia,<\/p>\n\n\n\n<p><strong>V<\/strong>alorizam, em detrimento da biodiversidade, nossa relativa grandeza e gan\u00e2ncia.<\/p>\n\n\n\n<p><strong>E<\/strong>duca\u00e7\u00e3o e conscientiza\u00e7\u00e3o s\u00e3o o que urgentemente devemos compartilhar,<\/p>\n\n\n\n<p><strong>R<\/strong>evelando que a biodiversidade, na verdade, \u00e9 a nossa pr\u00f3pria vida a pulsar.<\/p>\n\n\n\n<hr class=\"wp-block-separator has-alpha-channel-opacity\"\/>\n\n\n\n<p><strong>S<\/strong>ob uma urbaniza\u00e7\u00e3o intensa e consumo desenfreado,<\/p>\n\n\n\n<p><strong>I<\/strong>sso nos p\u00f5e \u00e0 beira do colapso, cujo limite j\u00e1 foi at\u00e9 calculado.<\/p>\n\n\n\n<p><strong>D<\/strong>e toda forma, n\u00e3o podemos aceitar tal destino,<\/p>\n\n\n\n<p><strong>A<\/strong>final, temos esperan\u00e7a, a qual hoje chamamos de menina e menino.<\/p>\n\n\n\n<hr class=\"wp-block-separator has-alpha-channel-opacity\"\/>\n\n\n\n<p><strong>D<\/strong>evemos agir com coragem e sabedoria,<\/p>\n\n\n\n<p><strong>E<\/strong>&nbsp;assim garantir que a biodiversidade flores\u00e7a, dia ap\u00f3s dia.<\/p>\n\n\n\n<p>Permitindo n\u00e3o s\u00f3 que ela seja conservada,<\/p>\n\n\n\n<p>Mas que permane\u00e7a sendo constantemente aprimorada.<\/p>\n\n\n\n<hr class=\"wp-block-separator has-alpha-channel-opacity\"\/>\n\n\n\n<p>Cuidemos das \u00e1guas, das florestas, do ar,<\/p>\n\n\n\n<p>Para que todas as formas de vida prossigam a prosperar.<\/p>\n\n\n\n<p>Com a uni\u00e3o de esfor\u00e7os, haver\u00e1 mais esperan\u00e7a,<\/p>\n\n\n\n<p>S\u00f3 assim a biodiversidade continuar\u00e1 a ser nossa mais poderosa heran\u00e7a.<\/p>\n<cite><em>Paganeli, Bruno. 2023<\/em><\/cite><\/blockquote>\n<\/div>\n\n\n\n<div class=\"wp-block-column is-layout-flow wp-block-column-is-layout-flow\">\n<blockquote class=\"wp-block-quote is-layout-flow wp-block-quote-is-layout-flow\">\n<p><strong>Education for biodiversity conservation<\/strong><\/p>\n\n\n\n<p>Biodiversity is not a simple snapshot, it is the result of a long evolutionary history,<\/p>\n\n\n\n<p>Incomparable, without peer, without individual prerogative.<\/p>\n\n\n\n<p>Our duty, without further delay, is to preserve and take care of it,<\/p>\n\n\n\n<p>Just so, the next generation will also be able to enjoy it.<\/p>\n\n\n\n<hr class=\"wp-block-separator has-alpha-channel-opacity\"\/>\n\n\n\n<p>Its beauty is intrinsic, but many do not understand its importance,<\/p>\n\n\n\n<p>Some prioritize, to the detriment of biodiversity, our relative greatness and greed.<\/p>\n\n\n\n<p>Education and awareness are what we urgently must share,<\/p>\n\n\n\n<p>Revealing that biodiversity, in fact, is our own life pulsating.<\/p>\n\n\n\n<hr class=\"wp-block-separator has-alpha-channel-opacity\"\/>\n\n\n\n<p>Under intense urbanization and unchecked consumption<\/p>\n\n\n\n<p>We find ourselves on the brink of collapse, a limit already calculated.<\/p>\n\n\n\n<p>Nevertheless, we cannot accept such a fate,<\/p>\n\n\n\n<p>After all, we have hope, which today we call girl and boy.<\/p>\n\n\n\n<hr class=\"wp-block-separator has-alpha-channel-opacity\"\/>\n\n\n\n<p>We must act with courage and wisdom,<\/p>\n\n\n\n<p>And thus, ensure that biodiversity flourishes, day after day.<\/p>\n\n\n\n<p>Allowing not only its conservation,<\/p>\n\n\n\n<p>But its continuous progress and upgrades.<\/p>\n\n\n\n<hr class=\"wp-block-separator has-alpha-channel-opacity\"\/>\n\n\n\n<p>Let's take care of water, forests, and air,<\/p>\n\n\n\n<p>So that all forms of life can continue to thrive and fare.<\/p>\n\n\n\n<p>With the unity of our efforts, there will be more hope,<\/p>\n\n\n\n<p>Only then biodiversity will remain our most powerful heritage.<\/p>\n<cite><em>Paganeli, Bruno. 2023<\/em><\/cite><\/blockquote>\n<\/div>\n<\/div>\n","protected":false},"excerpt":{"rendered":"<p>Our PhD student Bruno recently wrote an educational poem about biodiversity.\u00a0The original poem is in Portuguese (Bruno is from Brazil), and forms an acrostic with the word biodiversity (biodiversidad), which, along with the education process, are the central topics of the poem. The poem was published in a book \"Entre o Sono e o Sonho\" [&hellip;]<\/p>\n","protected":false},"author":3,"featured_media":1983,"comment_status":"closed","ping_status":"closed","sticky":false,"template":"","format":"standard","meta":{"footnotes":""},"categories":[13],"tags":[],"class_list":["post-1984","post","type-post","status-publish","format-standard","has-post-thumbnail","hentry","category-news"],"_links":{"self":[{"href":"https:\/\/macroecology.ut.ee\/en\/wp-json\/wp\/v2\/posts\/1984","targetHints":{"allow":["GET"]}}],"collection":[{"href":"https:\/\/macroecology.ut.ee\/en\/wp-json\/wp\/v2\/posts"}],"about":[{"href":"https:\/\/macroecology.ut.ee\/en\/wp-json\/wp\/v2\/types\/post"}],"author":[{"embeddable":true,"href":"https:\/\/macroecology.ut.ee\/en\/wp-json\/wp\/v2\/users\/3"}],"replies":[{"embeddable":true,"href":"https:\/\/macroecology.ut.ee\/en\/wp-json\/wp\/v2\/comments?post=1984"}],"version-history":[{"count":1,"href":"https:\/\/macroecology.ut.ee\/en\/wp-json\/wp\/v2\/posts\/1984\/revisions"}],"predecessor-version":[{"id":1985,"href":"https:\/\/macroecology.ut.ee\/en\/wp-json\/wp\/v2\/posts\/1984\/revisions\/1985"}],"wp:featuredmedia":[{"embeddable":true,"href":"https:\/\/macroecology.ut.ee\/en\/wp-json\/wp\/v2\/media\/1983"}],"wp:attachment":[{"href":"https:\/\/macroecology.ut.ee\/en\/wp-json\/wp\/v2\/media?parent=1984"}],"wp:term":[{"taxonomy":"category","embeddable":true,"href":"https:\/\/macroecology.ut.ee\/en\/wp-json\/wp\/v2\/categories?post=1984"},{"taxonomy":"post_tag","embeddable":true,"href":"https:\/\/macroecology.ut.ee\/en\/wp-json\/wp\/v2\/tags?post=1984"}],"curies":[{"name":"wp","href":"https:\/\/api.w.org\/{rel}","templated":true}]}}